{"id":30417,"date":"2017-07-31T14:00:37","date_gmt":"2017-07-31T12:00:37","guid":{"rendered":"http:\/\/adimac.it\/adimac-alla-biennale\/"},"modified":"2018-03-12T15:49:03","modified_gmt":"2018-03-12T14:49:03","slug":"adimac-a-la-biennale","status":"publish","type":"post","link":"https:\/\/adimac.it\/fr\/adimac-a-la-biennale\/","title":{"rendered":"Adimac \u00e0 la Biennale"},"content":{"rendered":"<p>Red carpet pour les distributeurs Adimac, qui d\u00e9barquent \u00e0 la Biennale d&rsquo;Architecture de Venise.<\/p>\n<p>\u00ab\u00a0Trienal de Arquitectura de Lisboa\u00a0\u00bb a choisi nos distributeurs automatiques de journaux NewsVendor, compl\u00e8tement personnalis\u00e9s, pour distribuer son propre journal <em>Homeland, News from Portugal<\/em> aux visiteurs du pavillon portugaise situ\u00e9 \u00e0 l&rsquo;Arsenal.<\/p>\n<p>&nbsp;<\/p>\n<div class=\"et_pb_slider et_pb_slider_fullwidth_off et_pb_gallery_post_type\">\n\t\t\t\t<div class=\"et_pb_slides\">\n\t\t\t\t\t<div class=\"et_pb_slide\" style=\"background: url(https:\/\/adimac.it\/wp-content\/uploads\/2017\/06\/IMG-20140605-WA0002.jpg);\"><\/div><div class=\"et_pb_slide\" style=\"background: url(https:\/\/adimac.it\/wp-content\/uploads\/2017\/06\/IMG-20140605-WA0003.jpg);\"><\/div><div class=\"et_pb_slide\" style=\"background: url(https:\/\/adimac.it\/wp-content\/uploads\/2017\/06\/IMG-20140605-WA0007.jpg);\"><\/div>\n\t\t\t\t<\/div>\n\t\t\t<\/div>\n","protected":false},"excerpt":{"rendered":"<p>Red carpet pour les distributeurs Adimac, qui d\u00e9barquent \u00e0 la Biennale d&rsquo;Architecture de Venise. \u00ab\u00a0Trienal de Arquitectura de Lisboa\u00a0\u00bb a choisi nos distributeurs automatiques de journaux NewsVendor, compl\u00e8tement personnalis\u00e9s, pour distribuer son propre journal Homeland, News from Portugal aux visiteurs du pavillon portugaise situ\u00e9 \u00e0 l&rsquo;Arsenal. &nbsp;<\/p>\n","protected":false},"author":1,"featured_media":30777,"comment_status":"closed","ping_status":"closed","sticky":false,"template":"","format":"standard","meta":{"_acf_changed":false,"_et_pb_use_builder":"off","_et_pb_old_content":"<p>Red carpet per i distributori automatici Adimac, che sbarcano alla Biennale di Architettura di Venezia.<br \/>\"Trienal de Arquitectura de Lisboa\" ha scelto i nostri distributori automatici di giornali NewsVendor, completamente personalizzati, per dispensare il proprio giornale <em>Homeland, News from Portugal<\/em> ai visitatori del padiglione Portoghese situato all'Arsenale.<\/p>","_et_gb_content_width":"","footnotes":""},"categories":[15],"tags":[],"class_list":["post-30417","post","type-post","status-publish","format-standard","has-post-thumbnail","hentry","category-nouvelles"],"acf":[],"yoast_head":"<!-- This site is optimized with the Yoast SEO plugin v27.0 - https:\/\/yoast.com\/product\/yoast-seo-wordpress\/ -->\n<title>Adimac vending \u00e0 la biennale Venice<\/title>\n<meta name=\"description\" content=\"Red carpet per i distributori automatici Adimac, che sbarcano alla Biennale di Architettura di Venezia.\" \/>\n<meta name=\"robots\" content=\"index, follow, max-snippet:-1, max-image-preview:large, max-video-preview:-1\" \/>\n<link rel=\"canonical\" href=\"https:\/\/adimac.it\/fr\/adimac-a-la-biennale\/\" \/>\n<meta property=\"og:locale\" content=\"fr_FR\" \/>\n<meta property=\"og:type\" content=\"article\" \/>\n<meta property=\"og:title\" content=\"Adimac vending \u00e0 la biennale Venice\" \/>\n<meta property=\"og:description\" content=\"Red carpet per i distributori automatici Adimac, che sbarcano alla Biennale di Architettura di Venezia.\" \/>\n<meta property=\"og:url\" content=\"https:\/\/adimac.it\/fr\/adimac-a-la-biennale\/\" \/>\n<meta property=\"og:site_name\" content=\"Adimac\" \/>\n<meta property=\"article:published_time\" content=\"2017-07-31T12:00:37+00:00\" \/>\n<meta property=\"article:modified_time\" content=\"2018-03-12T14:49:03+00:00\" \/>\n<meta property=\"og:image\" content=\"https:\/\/adimac.it\/wp-content\/uploads\/2017\/07\/Adimac-alla-Biennale-1.jpg\" \/>\n\t<meta property=\"og:image:width\" content=\"650\" \/>\n\t<meta property=\"og:image:height\" content=\"376\" \/>\n\t<meta property=\"og:image:type\" content=\"image\/jpeg\" \/>\n<meta name=\"author\" content=\"Exxmedia\" \/>\n<meta name=\"twitter:card\" content=\"summary_large_image\" \/>\n<meta name=\"twitter:label1\" content=\"\u00c9crit par\" \/>\n\t<meta name=\"twitter:data1\" content=\"Exxmedia\" \/>\n<script type=\"application\/ld+json\" class=\"yoast-schema-graph\">{\"@context\":\"https:\/\/schema.org\",\"@graph\":[{\"@type\":\"Article\",\"@id\":\"https:\/\/adimac.it\/fr\/adimac-a-la-biennale\/#article\",\"isPartOf\":{\"@id\":\"https:\/\/adimac.it\/fr\/adimac-a-la-biennale\/\"},\"author\":{\"name\":\"Exxmedia\",\"@id\":\"https:\/\/adimac.it\/#\/schema\/person\/51a93b8a54eb716839c6af214ab7fd97\"},\"headline\":\"Adimac \u00e0 la Biennale\",\"datePublished\":\"2017-07-31T12:00:37+00:00\",\"dateModified\":\"2018-03-12T14:49:03+00:00\",\"mainEntityOfPage\":{\"@id\":\"https:\/\/adimac.it\/fr\/adimac-a-la-biennale\/\"},\"wordCount\":55,\"image\":{\"@id\":\"https:\/\/adimac.it\/fr\/adimac-a-la-biennale\/#primaryimage\"},\"thumbnailUrl\":\"https:\/\/adimac.it\/wp-content\/uploads\/2017\/07\/Adimac-alla-Biennale-1.jpg\",\"articleSection\":[\"Nouvelles\"],\"inLanguage\":\"fr-FR\"},{\"@type\":\"WebPage\",\"@id\":\"https:\/\/adimac.it\/fr\/adimac-a-la-biennale\/\",\"url\":\"https:\/\/adimac.it\/fr\/adimac-a-la-biennale\/\",\"name\":\"Adimac vending \u00e0 la biennale Venice\",\"isPartOf\":{\"@id\":\"https:\/\/adimac.it\/#website\"},\"primaryImageOfPage\":{\"@id\":\"https:\/\/adimac.it\/fr\/adimac-a-la-biennale\/#primaryimage\"},\"image\":{\"@id\":\"https:\/\/adimac.it\/fr\/adimac-a-la-biennale\/#primaryimage\"},\"thumbnailUrl\":\"https:\/\/adimac.it\/wp-content\/uploads\/2017\/07\/Adimac-alla-Biennale-1.jpg\",\"datePublished\":\"2017-07-31T12:00:37+00:00\",\"dateModified\":\"2018-03-12T14:49:03+00:00\",\"author\":{\"@id\":\"https:\/\/adimac.it\/#\/schema\/person\/51a93b8a54eb716839c6af214ab7fd97\"},\"description\":\"Red carpet per i distributori automatici Adimac, che sbarcano alla Biennale di Architettura di Venezia.\",\"breadcrumb\":{\"@id\":\"https:\/\/adimac.it\/fr\/adimac-a-la-biennale\/#breadcrumb\"},\"inLanguage\":\"fr-FR\",\"potentialAction\":[{\"@type\":\"ReadAction\",\"target\":[\"https:\/\/adimac.it\/fr\/adimac-a-la-biennale\/\"]}]},{\"@type\":\"ImageObject\",\"inLanguage\":\"fr-FR\",\"@id\":\"https:\/\/adimac.it\/fr\/adimac-a-la-biennale\/#primaryimage\",\"url\":\"https:\/\/adimac.it\/wp-content\/uploads\/2017\/07\/Adimac-alla-Biennale-1.jpg\",\"contentUrl\":\"https:\/\/adimac.it\/wp-content\/uploads\/2017\/07\/Adimac-alla-Biennale-1.jpg\",\"width\":650,\"height\":376,\"caption\":\"Adimac alla Biennale\"},{\"@type\":\"BreadcrumbList\",\"@id\":\"https:\/\/adimac.it\/fr\/adimac-a-la-biennale\/#breadcrumb\",\"itemListElement\":[{\"@type\":\"ListItem\",\"position\":1,\"name\":\"Home\",\"item\":\"https:\/\/adimac.it\/fr\/\"},{\"@type\":\"ListItem\",\"position\":2,\"name\":\"Nouvelles\",\"item\":\"https:\/\/adimac.it\/fr\/category\/nouvelles\/\"},{\"@type\":\"ListItem\",\"position\":3,\"name\":\"Adimac \u00e0 la Biennale\"}]},{\"@type\":\"WebSite\",\"@id\":\"https:\/\/adimac.it\/#website\",\"url\":\"https:\/\/adimac.it\/\",\"name\":\"Adimac\",\"description\":\"Vending Machine\",\"potentialAction\":[{\"@type\":\"SearchAction\",\"target\":{\"@type\":\"EntryPoint\",\"urlTemplate\":\"https:\/\/adimac.it\/?s={search_term_string}\"},\"query-input\":{\"@type\":\"PropertyValueSpecification\",\"valueRequired\":true,\"valueName\":\"search_term_string\"}}],\"inLanguage\":\"fr-FR\"},{\"@type\":\"Person\",\"@id\":\"https:\/\/adimac.it\/#\/schema\/person\/51a93b8a54eb716839c6af214ab7fd97\",\"name\":\"Exxmedia\",\"image\":{\"@type\":\"ImageObject\",\"inLanguage\":\"fr-FR\",\"@id\":\"https:\/\/adimac.it\/#\/schema\/person\/image\/\",\"url\":\"https:\/\/secure.gravatar.com\/avatar\/0294279d59545e5c48188bdd4d2b533dfaaf5c766a574e96a58eefb2c3dc10e1?s=96&d=mm&r=g\",\"contentUrl\":\"https:\/\/secure.gravatar.com\/avatar\/0294279d59545e5c48188bdd4d2b533dfaaf5c766a574e96a58eefb2c3dc10e1?s=96&d=mm&r=g\",\"caption\":\"Exxmedia\"}}]}<\/script>\n<!-- \/ Yoast SEO plugin. -->","yoast_head_json":{"title":"Adimac vending \u00e0 la biennale Venice","description":"Red carpet per i distributori automatici Adimac, che sbarcano alla Biennale di Architettura di Venezia.","robots":{"index":"index","follow":"follow","max-snippet":"max-snippet:-1","max-image-preview":"max-image-preview:large","max-video-preview":"max-video-preview:-1"},"canonical":"https:\/\/adimac.it\/fr\/adimac-a-la-biennale\/","og_locale":"fr_FR","og_type":"article","og_title":"Adimac vending \u00e0 la biennale Venice","og_description":"Red carpet per i distributori automatici Adimac, che sbarcano alla Biennale di Architettura di Venezia.","og_url":"https:\/\/adimac.it\/fr\/adimac-a-la-biennale\/","og_site_name":"Adimac","article_published_time":"2017-07-31T12:00:37+00:00","article_modified_time":"2018-03-12T14:49:03+00:00","og_image":[{"width":650,"height":376,"url":"https:\/\/adimac.it\/wp-content\/uploads\/2017\/07\/Adimac-alla-Biennale-1.jpg","type":"image\/jpeg"}],"author":"Exxmedia","twitter_card":"summary_large_image","twitter_misc":{"\u00c9crit par":"Exxmedia"},"schema":{"@context":"https:\/\/schema.org","@graph":[{"@type":"Article","@id":"https:\/\/adimac.it\/fr\/adimac-a-la-biennale\/#article","isPartOf":{"@id":"https:\/\/adimac.it\/fr\/adimac-a-la-biennale\/"},"author":{"name":"Exxmedia","@id":"https:\/\/adimac.it\/#\/schema\/person\/51a93b8a54eb716839c6af214ab7fd97"},"headline":"Adimac \u00e0 la Biennale","datePublished":"2017-07-31T12:00:37+00:00","dateModified":"2018-03-12T14:49:03+00:00","mainEntityOfPage":{"@id":"https:\/\/adimac.it\/fr\/adimac-a-la-biennale\/"},"wordCount":55,"image":{"@id":"https:\/\/adimac.it\/fr\/adimac-a-la-biennale\/#primaryimage"},"thumbnailUrl":"https:\/\/adimac.it\/wp-content\/uploads\/2017\/07\/Adimac-alla-Biennale-1.jpg","articleSection":["Nouvelles"],"inLanguage":"fr-FR"},{"@type":"WebPage","@id":"https:\/\/adimac.it\/fr\/adimac-a-la-biennale\/","url":"https:\/\/adimac.it\/fr\/adimac-a-la-biennale\/","name":"Adimac vending \u00e0 la biennale Venice","isPartOf":{"@id":"https:\/\/adimac.it\/#website"},"primaryImageOfPage":{"@id":"https:\/\/adimac.it\/fr\/adimac-a-la-biennale\/#primaryimage"},"image":{"@id":"https:\/\/adimac.it\/fr\/adimac-a-la-biennale\/#primaryimage"},"thumbnailUrl":"https:\/\/adimac.it\/wp-content\/uploads\/2017\/07\/Adimac-alla-Biennale-1.jpg","datePublished":"2017-07-31T12:00:37+00:00","dateModified":"2018-03-12T14:49:03+00:00","author":{"@id":"https:\/\/adimac.it\/#\/schema\/person\/51a93b8a54eb716839c6af214ab7fd97"},"description":"Red carpet per i distributori automatici Adimac, che sbarcano alla Biennale di Architettura di Venezia.","breadcrumb":{"@id":"https:\/\/adimac.it\/fr\/adimac-a-la-biennale\/#breadcrumb"},"inLanguage":"fr-FR","potentialAction":[{"@type":"ReadAction","target":["https:\/\/adimac.it\/fr\/adimac-a-la-biennale\/"]}]},{"@type":"ImageObject","inLanguage":"fr-FR","@id":"https:\/\/adimac.it\/fr\/adimac-a-la-biennale\/#primaryimage","url":"https:\/\/adimac.it\/wp-content\/uploads\/2017\/07\/Adimac-alla-Biennale-1.jpg","contentUrl":"https:\/\/adimac.it\/wp-content\/uploads\/2017\/07\/Adimac-alla-Biennale-1.jpg","width":650,"height":376,"caption":"Adimac alla Biennale"},{"@type":"BreadcrumbList","@id":"https:\/\/adimac.it\/fr\/adimac-a-la-biennale\/#breadcrumb","itemListElement":[{"@type":"ListItem","position":1,"name":"Home","item":"https:\/\/adimac.it\/fr\/"},{"@type":"ListItem","position":2,"name":"Nouvelles","item":"https:\/\/adimac.it\/fr\/category\/nouvelles\/"},{"@type":"ListItem","position":3,"name":"Adimac \u00e0 la Biennale"}]},{"@type":"WebSite","@id":"https:\/\/adimac.it\/#website","url":"https:\/\/adimac.it\/","name":"Adimac","description":"Vending Machine","potentialAction":[{"@type":"SearchAction","target":{"@type":"EntryPoint","urlTemplate":"https:\/\/adimac.it\/?s={search_term_string}"},"query-input":{"@type":"PropertyValueSpecification","valueRequired":true,"valueName":"search_term_string"}}],"inLanguage":"fr-FR"},{"@type":"Person","@id":"https:\/\/adimac.it\/#\/schema\/person\/51a93b8a54eb716839c6af214ab7fd97","name":"Exxmedia","image":{"@type":"ImageObject","inLanguage":"fr-FR","@id":"https:\/\/adimac.it\/#\/schema\/person\/image\/","url":"https:\/\/secure.gravatar.com\/avatar\/0294279d59545e5c48188bdd4d2b533dfaaf5c766a574e96a58eefb2c3dc10e1?s=96&d=mm&r=g","contentUrl":"https:\/\/secure.gravatar.com\/avatar\/0294279d59545e5c48188bdd4d2b533dfaaf5c766a574e96a58eefb2c3dc10e1?s=96&d=mm&r=g","caption":"Exxmedia"}}]}},"_links":{"self":[{"href":"https:\/\/adimac.it\/fr\/wp-json\/wp\/v2\/posts\/30417","targetHints":{"allow":["GET"]}}],"collection":[{"href":"https:\/\/adimac.it\/fr\/wp-json\/wp\/v2\/posts"}],"about":[{"href":"https:\/\/adimac.it\/fr\/wp-json\/wp\/v2\/types\/post"}],"author":[{"embeddable":true,"href":"https:\/\/adimac.it\/fr\/wp-json\/wp\/v2\/users\/1"}],"replies":[{"embeddable":true,"href":"https:\/\/adimac.it\/fr\/wp-json\/wp\/v2\/comments?post=30417"}],"version-history":[{"count":2,"href":"https:\/\/adimac.it\/fr\/wp-json\/wp\/v2\/posts\/30417\/revisions"}],"predecessor-version":[{"id":30419,"href":"https:\/\/adimac.it\/fr\/wp-json\/wp\/v2\/posts\/30417\/revisions\/30419"}],"wp:featuredmedia":[{"embeddable":true,"href":"https:\/\/adimac.it\/fr\/wp-json\/wp\/v2\/media\/30777"}],"wp:attachment":[{"href":"https:\/\/adimac.it\/fr\/wp-json\/wp\/v2\/media?parent=30417"}],"wp:term":[{"taxonomy":"category","embeddable":true,"href":"https:\/\/adimac.it\/fr\/wp-json\/wp\/v2\/categories?post=30417"},{"taxonomy":"post_tag","embeddable":true,"href":"https:\/\/adimac.it\/fr\/wp-json\/wp\/v2\/tags?post=30417"}],"curies":[{"name":"wp","href":"https:\/\/api.w.org\/{rel}","templated":true}]}}